[{"@context":"https:\/\/schema.org\/","@type":"Article","@id":"https:\/\/www.bratsky.cz\/mobil-pro-vsechny\/#Article","mainEntityOfPage":"https:\/\/www.bratsky.cz\/mobil-pro-vsechny\/","headline":"Mobil pro v\u0161echny","name":"Mobil pro v\u0161echny","description":"\u0158ekn\u011bte mi, kdo dne\u0161n\u00ed dob\u011b nem\u00e1 v\u016fbec \u017e\u00e1dn\u00fd mobiln\u00ed telefon. Abych se p\u0159iznala, j\u00e1 si","datePublished":"2022-07-22","dateModified":"2023-05-16","author":{"@type":"Person","@id":"https:\/\/www.bratsky.cz\/author\/#Person","name":"","url":"https:\/\/www.bratsky.cz\/author\/","identifier":1,"image":{"@type":"ImageObject","@id":"https:\/\/secure.gravatar.com\/avatar\/4e6a74466e4227c12d5306875d08720cdfce3572213740db6f4a2e5e46e710ff?s=96&d=mm&r=g","url":"https:\/\/secure.gravatar.com\/avatar\/4e6a74466e4227c12d5306875d08720cdfce3572213740db6f4a2e5e46e710ff?s=96&d=mm&r=g","height":96,"width":96}},"publisher":{"@type":"Organization","name":"bratsky.cz","logo":{"@type":"ImageObject","@id":"\/logo.png","url":"\/logo.png","width":600,"height":60}},"image":{"@type":"ImageObject","@id":"https:\/\/www.bratsky.cz\/wp-content\/uploads\/woman-4246954_960_720.jpg","url":"https:\/\/www.bratsky.cz\/wp-content\/uploads\/woman-4246954_960_720.jpg","height":0,"width":0},"url":"https:\/\/www.bratsky.cz\/mobil-pro-vsechny\/","about":["Mobil"],"wordCount":417,"articleBody":"\u0158ekn\u011bte mi, kdo dne\u0161n\u00ed dob\u011b nem\u00e1 v\u016fbec \u017e\u00e1dn\u00fd mobiln\u00ed telefon. Abych se p\u0159iznala, j\u00e1 si nedok\u00e1\u017eu p\u0159edstavit \u017e\u00e1dn\u00fd den, \u017ee bych nem\u011bla mobiln\u00ed telefon. Mobiln\u00ed telefon k \u017eivotu pot\u0159ebuji, a to bez v\u00fdjimek. Taky dokonce m\u016fj sedmilet\u00fd syn u\u017e m\u00e1 sv\u016fj mobiln\u00ed telefon. A jsem na to py\u0161n\u00e1, proto\u017ee syn se pr\u00e1v\u011b d\u00edky mobiln\u00edmu telefonu toho mnoh\u00e9 nau\u010dil. V\u016fbec mi nevad\u00ed, \u017ee s mobiln\u00edm telefonem syn za\u010dal u\u017e ve \u010dty\u0159ech letech. A v p\u011bti letech u\u017e um\u011bl kr\u00e1sn\u011b stahovat filmy na mobilu, ale taky i na po\u010d\u00edta\u010di. M\u016fj mobiln\u00ed telefon m\u00e1m samoz\u0159ejm\u011b propojen\u00fd s notebookem, abych m\u011bla v\u0161echny informace pohromad\u011b.Taky m\u00e1m sv\u016fj mobiln\u00ed telefon propojen\u00fd s se snov\u00fdm mobiln\u00edm telefonem, abych vid\u011bla a v\u011bd\u011bla, co syn si tam v\u0161echno d\u011bl\u00e1. A jsem r\u00e1da, \u017ee syn m\u00e1 takov\u00e9 zku\u0161enosti s mobiln\u00edm telefonem, proto\u017ee hodn\u011b d\u011bt\u00ed je takov\u00fdch, \u017ee v\u016fbec neum\u00ed zach\u00e1zet s elektrotechnikou a dal\u0161\u00ed technikou. Mysl\u00edm si, \u017ee by d\u011btem nem\u011blo b\u00fdt zakazov\u00e1no, aby si hr\u00e1ly s mobiln\u00edm telefonem. Je to prost\u011b na\u0161e modern\u00ed doba a mobiln\u00ed telefon do dne\u0161n\u00ed modern\u00ed doby bezpodm\u00edne\u010dn\u011b pat\u0159\u00ed. Tak pro\u010d bychom m\u011bli d\u011btem odep\u00edrat techniku a technick\u00fd pokrok? Mysl\u00edm si, \u017ee mobiln\u00ed telefon u\u017e je jako hra\u010dka. A \u017ee na to nen\u00ed nahl\u00ed\u017eeno, jako na n\u011bjakou \u0161patnou v\u011bc anebo z\u00e1vislost. Je p\u0159eci \u00fapln\u011b jedno, jestli se d\u00edt\u011b d\u00edv\u00e1 na televizi anebo si hraje s mobiln\u00edm telefonem. Ka\u017ed\u00e9 d\u00edt\u011b pot\u0159ebuje hra\u010dky jin\u00e9 a jinak se odreagovat. Samoz\u0159ejm\u011b, \u017ee d\u00edt\u011b se taky mus\u00ed j\u00edt ven prob\u011bhnout a nesm\u00ed jenom sed\u011bt u po\u010d\u00edta\u010de nebo u mobiln\u00edho telefonu, ale kdy\u017e m\u016fj syn chce, tak mu p\u00e1r hodin na mobiln\u00edm telefonu dovol\u00edm. A v\u016fbec mi to nevad\u00ed a beru to jako sou\u010d\u00e1st r\u016fstu a vzd\u011bl\u00e1v\u00e1n\u00ed. A jak jste na tom vy a celkov\u011b va\u0161e rodina? Od kdy si mysl\u00edte, \u017ee by d\u00edt\u011b m\u011blo m\u00edt mobiln\u00ed telefon a zakazovali byste d\u011btem mobiln\u00ed telefon? V\u011b\u0159te, \u017ee ka\u017ed\u00e9 d\u00edt\u011b si p\u0159eje mobil.                                                                                                                                                                                                                                                                                                                                                                                        3.6\/5 - (9 votes)        "},{"@context":"https:\/\/schema.org\/","@type":"BreadcrumbList","itemListElement":[{"@type":"ListItem","position":1,"name":"Mobil pro v\u0161echny","item":"https:\/\/www.bratsky.cz\/mobil-pro-vsechny\/#breadcrumbitem"}]}]