[{"@context":"https:\/\/schema.org\/","@type":"Article","@id":"https:\/\/www.bratsky.cz\/mate-radi-bylinky\/#Article","mainEntityOfPage":"https:\/\/www.bratsky.cz\/mate-radi-bylinky\/","headline":"M\u00e1te r\u00e1di bylinky?","name":"M\u00e1te r\u00e1di bylinky?","description":"M\u00e1te r\u00e1di \u010daje. J\u00e1 ano. A to stra\u0161n\u011b moc. Ale nem\u016f\u017ee to b\u00fdt jen tak","datePublished":"2023-05-20","dateModified":"2023-07-24","author":{"@type":"Person","@id":"https:\/\/www.bratsky.cz\/author\/#Person","name":"","url":"https:\/\/www.bratsky.cz\/author\/","identifier":1,"image":{"@type":"ImageObject","@id":"https:\/\/secure.gravatar.com\/avatar\/4e6a74466e4227c12d5306875d08720cdfce3572213740db6f4a2e5e46e710ff?s=96&d=mm&r=g","url":"https:\/\/secure.gravatar.com\/avatar\/4e6a74466e4227c12d5306875d08720cdfce3572213740db6f4a2e5e46e710ff?s=96&d=mm&r=g","height":96,"width":96}},"publisher":{"@type":"Organization","name":"bratsky.cz","logo":{"@type":"ImageObject","@id":"\/logo.png","url":"\/logo.png","width":600,"height":60}},"image":{"@type":"ImageObject","@id":"https:\/\/www.bratsky.cz\/wp-content\/uploads\/foad-roshan-asg3PTkEvg0-unsplash.jpg","url":"https:\/\/www.bratsky.cz\/wp-content\/uploads\/foad-roshan-asg3PTkEvg0-unsplash.jpg","height":0,"width":0},"url":"https:\/\/www.bratsky.cz\/mate-radi-bylinky\/","about":["Nakupov\u00e1n\u00ed"],"wordCount":467,"articleBody":"   M\u00e1te r\u00e1di \u010daje. J\u00e1 ano. A to stra\u0161n\u011b moc. Ale nem\u016f\u017ee to b\u00fdt jen tak oby\u010dejn\u00fd \u010daj. P\u0159izn\u00e1m se, \u017ee opravdu minim\u00e1ln\u011b si koup\u00edme \u010daj t\u0159eba z obchodu. P\u0159\u00edmo takov\u00e9 jen ty pytl\u00edky, kter\u00e9 zalejete horkou vodou a tv\u00e1\u0159\u00ed se to jako \u010daj. Ano m\u016f\u017eu se m\u00fdlit a n\u011bkter\u00e9 \u010daje m\u016f\u017eou b\u00fdt opravdu kvalitn\u00ed, ale j\u00e1 z\u016fstanu rad\u011bji u klasiky a mysl\u00edm si, \u017ee opravdu nebudu na sv\u011bt\u011b jedin\u00e1 kter\u00e1 to tak m\u00e1. Zvl\u00e1\u0161\u0165 t\u0159eba \u010daje pro d\u011bti, kter\u00e9 jsou kolikr\u00e1t opravdu p\u0159eslazen\u00e9 a bohu\u017eel i ty bylinkov\u00e9 a kolikr\u00e1t nemaj\u00ed takovou s\u00edlu a efekt, jakou by ten dan\u00fd \u010daj m\u011bl m\u00edt. Tak \u017ee jak se jedn\u00e1 o \u010daje. jsem naprosto vyb\u00edrav\u00e1. A jak jste ne tom vy? Usnadn\u00edte si pr\u00e1ci pytl\u00edkem anebo d\u00e1te p\u0159ednost sp\u00ed\u0161e su\u0161en\u00fdm bylink\u00e1m? Jak\u00e9 jsou va\u0161e nejobl\u00edben\u011bj\u0161\u00ed? M\u00e1te r\u00e1di rad\u011bji bylinkov\u00e9 anebo jste sp\u00ed\u0161e na ty ovocn\u00e9? J\u00e1 m\u00e1m r\u00e1da oboje, ale sp\u00ed\u0161e se p\u0159ikl\u00e1n\u00edm k bylink\u00e1m. N\u011bkomu nechutnaj\u00ed a nediv\u00edm se, kolikr\u00e1t, ne\u017e jsem se takov\u00e9 \u010daje nau\u010dila p\u00edt, tak se mi z prominut\u00edm k\u0159ivila pusa. Ale potom jsem si na n\u011b zvykla a za\u010dali mi chutnat. J\u00e1 jsem d\u0159\u00edve byla sp\u00ed\u0161e na ty ovocn\u00e9, kter\u00e9 jsem si je\u0161t\u011b dost osladila, tak\u017ee chu\u0165 cel\u00e9ho \u010daje jsem p\u0159ebyla cukrem, a to byla teda chyba no. Ale u\u017e jsem se to kone\u010dn\u011b odnau\u010dila a jsem za to r\u00e1da. Kone\u010dn\u011b c\u00edt\u00edm chu\u0165 \u010daje, respektive bylinek. Nejrad\u011bji m\u00e1m teda Medu\u0148kov\u00fd \u010daj, kter\u00fd si zamilovali i d\u011bti a taky m\u016fj mu\u017e. Tek \u017ee za n\u00e1s vede na sto procent a je v\u017edy prvn\u00ed \u0159ad\u011b po \u010dem s\u00e1hneme. V\u011bd\u011bli jste \u017ee Medu\u0148kov\u00fd \u010daj je pro na\u0161e t\u011blo prosp\u011b\u0161n\u00fd a taky m\u00e1 n\u011bco jako l\u00e9\u010div\u00e9 \u00fa\u010dinky. Vyzkou\u0161ejte ho a p\u0159esv\u011bd\u010dte se o tom sami na vlastn\u00ed k\u016f\u017ei. J\u00e1 si ho kolikr\u00e1t t\u0159eba d\u00e1v\u00e1m i p\u0159ed span\u00ed, jeliko\u017e m\u011b zklidn\u00ed chod t\u011bla a hned se mi l\u00e9pe us\u00edn\u00e1. Taky v\u00e1m medu\u0148kov\u00fd \u010daj m\u016f\u017ee podpo\u0159it tr\u00e1ven\u00ed a chu\u0165. Taky p\u0159isp\u00edv\u00e1 k hormon\u00e1ln\u00ed rovnov\u00e1ze. Ale i s takov\u00fdm \u010dajem by se to nem\u011blo p\u0159eh\u00e1n\u011bt a je dobr\u00e9, kdy\u017e jeho d\u00e1vkov\u00e1n\u00ed nep\u0159ekro\u010d\u00edte ne\u017e na t\u0159i \u010daje denn\u011b.                                                                                                                                                                                                                                                                                                                                                                                           4.7\/5 - (4 votes)        "},{"@context":"https:\/\/schema.org\/","@type":"BreadcrumbList","itemListElement":[{"@type":"ListItem","position":1,"name":"M\u00e1te r\u00e1di bylinky?","item":"https:\/\/www.bratsky.cz\/mate-radi-bylinky\/#breadcrumbitem"}]}]